{"id":126404,"date":"2024-02-19T13:21:19","date_gmt":"2024-02-19T11:21:19","guid":{"rendered":"https:\/\/evl.fi\/plus\/?p=126404"},"modified":"2025-12-10T13:39:50","modified_gmt":"2025-12-10T11:39:50","slug":"diakoninen-kirkko","status":"publish","type":"post","link":"https:\/\/evl.fi\/plus\/diakonia\/diakoninen-kirkko\/","title":{"rendered":"Diakoninen kirkko"},"content":{"rendered":"\n<p class=\"wp-block-paragraph\">Jeesuksen esimerkin ja opetusten mukaisesti l\u00e4himm\u00e4isen palveleminen, kreikaksi <em>diakonia,<\/em> on kirkon tuntomerkki ja luovuttamaton teht\u00e4v\u00e4. Niin kutsuttu Jeesuksen teht\u00e4v\u00e4njulistus (Luuk. 4:18-19) on kirkon ja sen j\u00e4senten teht\u00e4v\u00e4njulistus: \u201dH\u00e4n on l\u00e4hett\u00e4nyt minut ilmoittamaan k\u00f6yhille hyv\u00e4n sanoman, julistamaan vangituille vapautusta ja sokeille n\u00e4k\u00f6ns\u00e4 saamista, p\u00e4\u00e4st\u00e4m\u00e4\u00e4n sorretut vapauteen ja julistamaan Herran riemuvuotta\u201d.<\/p>\n\n\n\n<p class=\"wp-block-paragraph\">Diakoniasta voidaan puhua kahdessa merkityksess\u00e4. Ne on hyv\u00e4 erottaa toisistaan. Toisaalta sill\u00e4 tarkoitetaan yht\u00e4 kirkon ty\u00f6muodoista, diakoniaty\u00f6t\u00e4. T\u00e4ll\u00f6in sill\u00e4 tarkoitetaan diakonian ammattilaisten eli diakoniaty\u00f6ntekij\u00f6iden tekem\u00e4\u00e4 ty\u00f6t\u00e4. Selvyyden vuoksi suositetaan, ett\u00e4 diakoniaty\u00f6-termi\u00e4 k\u00e4ytett\u00e4isiin viittamaan t\u00e4h\u00e4n ammatilliseen ty\u00f6h\u00f6n. Toisessa, laajemmassa merkityksess\u00e4, diakonialla tarkoitetaan koko kirkon, sen j\u00e4senten ja ty\u00f6ntekij\u00f6iden, yhdess\u00e4 jakamaa teht\u00e4v\u00e4\u00e4 ja el\u00e4m\u00e4ntapaa.<\/p>\n\n\n\n<p class=\"wp-block-paragraph\">Diakoninen kirkko:<\/p>\n\n\n\n<ul class=\"wp-block-list\">\n<li>auttaa ja tukee haavoittuvassa el\u00e4m\u00e4ntilanteessa olevia ihmisi\u00e4,<\/li>\n\n\n\n<li>toimii oikeudenmukaisuuden, yhdenvertaisuuden ja rauhan puolesta,<\/li>\n\n\n\n<li>rakentaa hyv\u00e4\u00e4 el\u00e4m\u00e4\u00e4 edist\u00e4vi\u00e4 yhteis\u00f6j\u00e4 sek\u00e4<\/li>\n\n\n\n<li>varjelee luomakuntaa.<\/li>\n<\/ul>\n\n\n\n<p class=\"wp-block-paragraph\">Kirkon ja sen seurakuntien tavoitteena on innostaa ja varustaa j\u00e4seni\u00e4\u00e4n toteuttamaan l\u00e4himm\u00e4isenrakkautta ja edist\u00e4m\u00e4\u00e4n ihmisarvoista el\u00e4m\u00e4\u00e4. Diakoninen kirkko tunnistaa yhteiskunnallisia ep\u00e4kohtia, v\u00e4litt\u00e4\u00e4 tietoa niist\u00e4 yhteiskunnallisille p\u00e4\u00e4tt\u00e4jille ja edist\u00e4\u00e4 yhdess\u00e4 muiden toimijoiden kanssa hyvinvointia.<\/p>\n\n\n\n<div id=\"color-banner-block_8a67306b16d3702bc0bafa6354460985\" class=\"color-banner block-color-banner\">\n    <div class=\"row\">\n\n          <div class=\"col-12 \">\n        <div class=\"block-color-banner__wrapper with-bg-color bg-light-purple \" >\n          <div class=\"row\">\n            <div class=\"col-12 col-sm-9 col-md-8 d-flex justify-content-center align-items-center text-column\" >\n              <div class=\"block-color-banner__column-content \">\n                <div class=\"text-content \">\n                  <h2 class=\"h3 mb-4\">Palaa takaisin<\/h2>\n                  <p class=\"text-body-large\"><\/p>\n                                      <a class=\"button\" href=\"https:\/\/evl.fi\/plus\/seurakuntaelama\/diakonia\/tietoa-diakoniasta\/\" target=\"_self\">Tietoa diakoniasta<\/a>\n                                  <\/div>\n              <\/div>\n            <\/div>\n            <div class=\"col-12 col-sm-3 col-md-4 bg-icon\">\n              <div class=\"\">\n              <\/div>\n            <\/div>\n          <\/div>\n        <\/div>\n      <\/div>\n    <!-- end of main color banner -->\n      <\/div>\n<\/div>\n","protected":false},"excerpt":{"rendered":"<p>Jeesuksen esimerkin ja opetusten mukaisesti l\u00e4himm\u00e4isen palveleminen, kreikaksi diakonia, on kirkon tuntomerkki ja luovuttamaton teht\u00e4v\u00e4. Niin kutsuttu Jeesuksen teht\u00e4v\u00e4njulistus (Luuk. 4:18-19) on kirkon ja sen j\u00e4senten teht\u00e4v\u00e4njulistus: \u201dH\u00e4n on l\u00e4hett\u00e4nyt minut ilmoittamaan k\u00f6yhille hyv\u00e4n sanoman, julistamaan vangituille vapautusta ja sokeille n\u00e4k\u00f6ns\u00e4 saamista, p\u00e4\u00e4st\u00e4m\u00e4\u00e4n sorretut vapauteen ja julistamaan Herran riemuvuotta\u201d. Diakoniasta voidaan puhua kahdessa merkityksess\u00e4. Ne [&hellip;]<\/p>\n","protected":false},"author":101,"featured_media":130435,"comment_status":"closed","ping_status":"open","sticky":false,"template":"","format":"standard","meta":{"_acf_changed":false,"_relevanssi_hide_post":"","_relevanssi_hide_content":"","_relevanssi_pin_for_all":"","_relevanssi_pin_keywords":"","_relevanssi_unpin_keywords":"","_relevanssi_related_keywords":"","_relevanssi_related_include_ids":"","_relevanssi_related_exclude_ids":"","_relevanssi_related_no_append":"","_relevanssi_related_not_related":"","_relevanssi_related_posts":"110538,126401","_relevanssi_noindex_reason":"","footnotes":""},"categories":[11045],"tags":[],"class_list":["post-126404","post","type-post","status-publish","format-standard","has-post-thumbnail","hentry","category-diakonia"],"acf":false,"yoast_head":"<!-- This site is optimized with the Yoast SEO plugin v28.3 - https:\/\/yoast.com\/product\/yoast-seo-wordpress\/ -->\n<title>Diakoninen kirkko - EVL Plus<\/title>\n<meta name=\"robots\" content=\"index, follow, max-snippet:-1, max-image-preview:large, max-video-preview:-1\" \/>\n<link rel=\"canonical\" href=\"https:\/\/evl.fi\/plus\/diakonia\/diakoninen-kirkko\/\" \/>\n<meta property=\"og:locale\" content=\"fi_FI\" \/>\n<meta property=\"og:type\" content=\"article\" \/>\n<meta property=\"og:title\" content=\"Diakoninen kirkko - EVL Plus\" \/>\n<meta property=\"og:description\" content=\"Jeesuksen esimerkin ja opetusten mukaisesti l\u00e4himm\u00e4isen palveleminen, kreikaksi diakonia, on kirkon tuntomerkki ja luovuttamaton teht\u00e4v\u00e4. Niin kutsuttu Jeesuksen teht\u00e4v\u00e4njulistus (Luuk. 4:18-19) on kirkon ja sen j\u00e4senten teht\u00e4v\u00e4njulistus: \u201dH\u00e4n on l\u00e4hett\u00e4nyt minut ilmoittamaan k\u00f6yhille hyv\u00e4n sanoman, julistamaan vangituille vapautusta ja sokeille n\u00e4k\u00f6ns\u00e4 saamista, p\u00e4\u00e4st\u00e4m\u00e4\u00e4n sorretut vapauteen ja julistamaan Herran riemuvuotta\u201d. Diakoniasta voidaan puhua kahdessa merkityksess\u00e4. Ne [&hellip;]\" \/>\n<meta property=\"og:url\" content=\"https:\/\/evl.fi\/plus\/diakonia\/diakoninen-kirkko\/\" \/>\n<meta property=\"og:site_name\" content=\"EVL Plus\" \/>\n<meta property=\"article:published_time\" content=\"2024-02-19T11:21:19+00:00\" \/>\n<meta property=\"article:modified_time\" content=\"2025-12-10T11:39:50+00:00\" \/>\n<meta property=\"og:image\" content=\"https:\/\/evl.fi\/plus\/wp-content\/uploads\/sites\/3\/2024\/03\/MedTxt_25-300x225-1.jpg\" \/>\n\t<meta property=\"og:image:width\" content=\"300\" \/>\n\t<meta property=\"og:image:height\" content=\"225\" \/>\n\t<meta property=\"og:image:type\" content=\"image\/jpeg\" \/>\n<meta name=\"author\" content=\"Kuusim\u00e4ki Kalle\" \/>\n<meta name=\"twitter:card\" content=\"summary_large_image\" \/>\n<meta name=\"twitter:label1\" content=\"Kirjoittanut\" \/>\n\t<meta name=\"twitter:data1\" content=\"Kuusim\u00e4ki Kalle\" \/>\n\t<meta name=\"twitter:label2\" content=\"Arvioitu lukuaika\" \/>\n\t<meta name=\"twitter:data2\" content=\"2 minuuttia\" \/>\n<script type=\"application\/ld+json\" class=\"yoast-schema-graph\">{\"@context\":\"https:\\\/\\\/schema.org\",\"@graph\":[{\"@type\":\"Article\",\"@id\":\"https:\\\/\\\/evl.fi\\\/plus\\\/diakonia\\\/diakoninen-kirkko\\\/#article\",\"isPartOf\":{\"@id\":\"https:\\\/\\\/evl.fi\\\/plus\\\/diakonia\\\/diakoninen-kirkko\\\/\"},\"author\":{\"name\":\"Kuusim\u00e4ki Kalle\",\"@id\":\"https:\\\/\\\/evl.fi\\\/plus\\\/#\\\/schema\\\/person\\\/7ad03ebf3651f9c655243a449203e960\"},\"headline\":\"Diakoninen kirkko\",\"datePublished\":\"2024-02-19T11:21:19+00:00\",\"dateModified\":\"2025-12-10T11:39:50+00:00\",\"mainEntityOfPage\":{\"@id\":\"https:\\\/\\\/evl.fi\\\/plus\\\/diakonia\\\/diakoninen-kirkko\\\/\"},\"wordCount\":217,\"image\":{\"@id\":\"https:\\\/\\\/evl.fi\\\/plus\\\/diakonia\\\/diakoninen-kirkko\\\/#primaryimage\"},\"thumbnailUrl\":\"https:\\\/\\\/evl.fi\\\/plus\\\/wp-content\\\/uploads\\\/sites\\\/3\\\/2024\\\/03\\\/MedTxt_25-300x225-1.jpg\",\"articleSection\":[\"Diakonia\"],\"inLanguage\":\"fi\"},{\"@type\":\"WebPage\",\"@id\":\"https:\\\/\\\/evl.fi\\\/plus\\\/diakonia\\\/diakoninen-kirkko\\\/\",\"url\":\"https:\\\/\\\/evl.fi\\\/plus\\\/diakonia\\\/diakoninen-kirkko\\\/\",\"name\":\"Diakoninen kirkko - EVL Plus\",\"isPartOf\":{\"@id\":\"https:\\\/\\\/evl.fi\\\/plus\\\/#website\"},\"primaryImageOfPage\":{\"@id\":\"https:\\\/\\\/evl.fi\\\/plus\\\/diakonia\\\/diakoninen-kirkko\\\/#primaryimage\"},\"image\":{\"@id\":\"https:\\\/\\\/evl.fi\\\/plus\\\/diakonia\\\/diakoninen-kirkko\\\/#primaryimage\"},\"thumbnailUrl\":\"https:\\\/\\\/evl.fi\\\/plus\\\/wp-content\\\/uploads\\\/sites\\\/3\\\/2024\\\/03\\\/MedTxt_25-300x225-1.jpg\",\"datePublished\":\"2024-02-19T11:21:19+00:00\",\"dateModified\":\"2025-12-10T11:39:50+00:00\",\"author\":{\"@id\":\"https:\\\/\\\/evl.fi\\\/plus\\\/#\\\/schema\\\/person\\\/7ad03ebf3651f9c655243a449203e960\"},\"breadcrumb\":{\"@id\":\"https:\\\/\\\/evl.fi\\\/plus\\\/diakonia\\\/diakoninen-kirkko\\\/#breadcrumb\"},\"inLanguage\":\"fi\",\"potentialAction\":[{\"@type\":\"ReadAction\",\"target\":[\"https:\\\/\\\/evl.fi\\\/plus\\\/diakonia\\\/diakoninen-kirkko\\\/\"]}]},{\"@type\":\"ImageObject\",\"inLanguage\":\"fi\",\"@id\":\"https:\\\/\\\/evl.fi\\\/plus\\\/diakonia\\\/diakoninen-kirkko\\\/#primaryimage\",\"url\":\"https:\\\/\\\/evl.fi\\\/plus\\\/wp-content\\\/uploads\\\/sites\\\/3\\\/2024\\\/03\\\/MedTxt_25-300x225-1.jpg\",\"contentUrl\":\"https:\\\/\\\/evl.fi\\\/plus\\\/wp-content\\\/uploads\\\/sites\\\/3\\\/2024\\\/03\\\/MedTxt_25-300x225-1.jpg\",\"width\":300,\"height\":225},{\"@type\":\"BreadcrumbList\",\"@id\":\"https:\\\/\\\/evl.fi\\\/plus\\\/diakonia\\\/diakoninen-kirkko\\\/#breadcrumb\",\"itemListElement\":[{\"@type\":\"ListItem\",\"position\":1,\"name\":\"Home\",\"item\":\"https:\\\/\\\/evl.fi\\\/plus\\\/sv\\\/\"},{\"@type\":\"ListItem\",\"position\":2,\"name\":\"Diakoninen kirkko\"}]},{\"@type\":\"WebSite\",\"@id\":\"https:\\\/\\\/evl.fi\\\/plus\\\/#website\",\"url\":\"https:\\\/\\\/evl.fi\\\/plus\\\/\",\"name\":\"EVL Plus\",\"description\":\"\",\"potentialAction\":[{\"@type\":\"SearchAction\",\"target\":{\"@type\":\"EntryPoint\",\"urlTemplate\":\"https:\\\/\\\/evl.fi\\\/plus\\\/?s={search_term_string}\"},\"query-input\":{\"@type\":\"PropertyValueSpecification\",\"valueRequired\":true,\"valueName\":\"search_term_string\"}}],\"inLanguage\":\"fi\"},{\"@type\":\"Person\",\"@id\":\"https:\\\/\\\/evl.fi\\\/plus\\\/#\\\/schema\\\/person\\\/7ad03ebf3651f9c655243a449203e960\",\"name\":\"Kuusim\u00e4ki Kalle\",\"image\":{\"@type\":\"ImageObject\",\"inLanguage\":\"fi\",\"@id\":\"https:\\\/\\\/secure.gravatar.com\\\/avatar\\\/8fc722cce41486f0e8e2d43ee198436cca99ffd502c075a133f9ac9d264dc799?s=96&d=mm&r=g\",\"url\":\"https:\\\/\\\/secure.gravatar.com\\\/avatar\\\/8fc722cce41486f0e8e2d43ee198436cca99ffd502c075a133f9ac9d264dc799?s=96&d=mm&r=g\",\"contentUrl\":\"https:\\\/\\\/secure.gravatar.com\\\/avatar\\\/8fc722cce41486f0e8e2d43ee198436cca99ffd502c075a133f9ac9d264dc799?s=96&d=mm&r=g\",\"caption\":\"Kuusim\u00e4ki Kalle\"},\"url\":\"https:\\\/\\\/evl.fi\\\/plus\\\/author\\\/kalle-kuusimakievl-fi\\\/\"}]}<\/script>\n<!-- \/ Yoast SEO plugin. -->","yoast_head_json":{"title":"Diakoninen kirkko - EVL Plus","robots":{"index":"index","follow":"follow","max-snippet":"max-snippet:-1","max-image-preview":"max-image-preview:large","max-video-preview":"max-video-preview:-1"},"canonical":"https:\/\/evl.fi\/plus\/diakonia\/diakoninen-kirkko\/","og_locale":"fi_FI","og_type":"article","og_title":"Diakoninen kirkko - EVL Plus","og_description":"Jeesuksen esimerkin ja opetusten mukaisesti l\u00e4himm\u00e4isen palveleminen, kreikaksi diakonia, on kirkon tuntomerkki ja luovuttamaton teht\u00e4v\u00e4. Niin kutsuttu Jeesuksen teht\u00e4v\u00e4njulistus (Luuk. 4:18-19) on kirkon ja sen j\u00e4senten teht\u00e4v\u00e4njulistus: \u201dH\u00e4n on l\u00e4hett\u00e4nyt minut ilmoittamaan k\u00f6yhille hyv\u00e4n sanoman, julistamaan vangituille vapautusta ja sokeille n\u00e4k\u00f6ns\u00e4 saamista, p\u00e4\u00e4st\u00e4m\u00e4\u00e4n sorretut vapauteen ja julistamaan Herran riemuvuotta\u201d. Diakoniasta voidaan puhua kahdessa merkityksess\u00e4. Ne [&hellip;]","og_url":"https:\/\/evl.fi\/plus\/diakonia\/diakoninen-kirkko\/","og_site_name":"EVL Plus","article_published_time":"2024-02-19T11:21:19+00:00","article_modified_time":"2025-12-10T11:39:50+00:00","og_image":[{"width":300,"height":225,"url":"https:\/\/evl.fi\/plus\/wp-content\/uploads\/sites\/3\/2024\/03\/MedTxt_25-300x225-1.jpg","type":"image\/jpeg"}],"author":"Kuusim\u00e4ki Kalle","twitter_card":"summary_large_image","twitter_misc":{"Kirjoittanut":"Kuusim\u00e4ki Kalle","Arvioitu lukuaika":"2 minuuttia"},"schema":{"@context":"https:\/\/schema.org","@graph":[{"@type":"Article","@id":"https:\/\/evl.fi\/plus\/diakonia\/diakoninen-kirkko\/#article","isPartOf":{"@id":"https:\/\/evl.fi\/plus\/diakonia\/diakoninen-kirkko\/"},"author":{"name":"Kuusim\u00e4ki Kalle","@id":"https:\/\/evl.fi\/plus\/#\/schema\/person\/7ad03ebf3651f9c655243a449203e960"},"headline":"Diakoninen kirkko","datePublished":"2024-02-19T11:21:19+00:00","dateModified":"2025-12-10T11:39:50+00:00","mainEntityOfPage":{"@id":"https:\/\/evl.fi\/plus\/diakonia\/diakoninen-kirkko\/"},"wordCount":217,"image":{"@id":"https:\/\/evl.fi\/plus\/diakonia\/diakoninen-kirkko\/#primaryimage"},"thumbnailUrl":"https:\/\/evl.fi\/plus\/wp-content\/uploads\/sites\/3\/2024\/03\/MedTxt_25-300x225-1.jpg","articleSection":["Diakonia"],"inLanguage":"fi"},{"@type":"WebPage","@id":"https:\/\/evl.fi\/plus\/diakonia\/diakoninen-kirkko\/","url":"https:\/\/evl.fi\/plus\/diakonia\/diakoninen-kirkko\/","name":"Diakoninen kirkko - EVL Plus","isPartOf":{"@id":"https:\/\/evl.fi\/plus\/#website"},"primaryImageOfPage":{"@id":"https:\/\/evl.fi\/plus\/diakonia\/diakoninen-kirkko\/#primaryimage"},"image":{"@id":"https:\/\/evl.fi\/plus\/diakonia\/diakoninen-kirkko\/#primaryimage"},"thumbnailUrl":"https:\/\/evl.fi\/plus\/wp-content\/uploads\/sites\/3\/2024\/03\/MedTxt_25-300x225-1.jpg","datePublished":"2024-02-19T11:21:19+00:00","dateModified":"2025-12-10T11:39:50+00:00","author":{"@id":"https:\/\/evl.fi\/plus\/#\/schema\/person\/7ad03ebf3651f9c655243a449203e960"},"breadcrumb":{"@id":"https:\/\/evl.fi\/plus\/diakonia\/diakoninen-kirkko\/#breadcrumb"},"inLanguage":"fi","potentialAction":[{"@type":"ReadAction","target":["https:\/\/evl.fi\/plus\/diakonia\/diakoninen-kirkko\/"]}]},{"@type":"ImageObject","inLanguage":"fi","@id":"https:\/\/evl.fi\/plus\/diakonia\/diakoninen-kirkko\/#primaryimage","url":"https:\/\/evl.fi\/plus\/wp-content\/uploads\/sites\/3\/2024\/03\/MedTxt_25-300x225-1.jpg","contentUrl":"https:\/\/evl.fi\/plus\/wp-content\/uploads\/sites\/3\/2024\/03\/MedTxt_25-300x225-1.jpg","width":300,"height":225},{"@type":"BreadcrumbList","@id":"https:\/\/evl.fi\/plus\/diakonia\/diakoninen-kirkko\/#breadcrumb","itemListElement":[{"@type":"ListItem","position":1,"name":"Home","item":"https:\/\/evl.fi\/plus\/sv\/"},{"@type":"ListItem","position":2,"name":"Diakoninen kirkko"}]},{"@type":"WebSite","@id":"https:\/\/evl.fi\/plus\/#website","url":"https:\/\/evl.fi\/plus\/","name":"EVL Plus","description":"","potentialAction":[{"@type":"SearchAction","target":{"@type":"EntryPoint","urlTemplate":"https:\/\/evl.fi\/plus\/?s={search_term_string}"},"query-input":{"@type":"PropertyValueSpecification","valueRequired":true,"valueName":"search_term_string"}}],"inLanguage":"fi"},{"@type":"Person","@id":"https:\/\/evl.fi\/plus\/#\/schema\/person\/7ad03ebf3651f9c655243a449203e960","name":"Kuusim\u00e4ki Kalle","image":{"@type":"ImageObject","inLanguage":"fi","@id":"https:\/\/secure.gravatar.com\/avatar\/8fc722cce41486f0e8e2d43ee198436cca99ffd502c075a133f9ac9d264dc799?s=96&d=mm&r=g","url":"https:\/\/secure.gravatar.com\/avatar\/8fc722cce41486f0e8e2d43ee198436cca99ffd502c075a133f9ac9d264dc799?s=96&d=mm&r=g","contentUrl":"https:\/\/secure.gravatar.com\/avatar\/8fc722cce41486f0e8e2d43ee198436cca99ffd502c075a133f9ac9d264dc799?s=96&d=mm&r=g","caption":"Kuusim\u00e4ki Kalle"},"url":"https:\/\/evl.fi\/plus\/author\/kalle-kuusimakievl-fi\/"}]}},"lang":"fi","translations":{"fi":126404},"pll_sync_post":{},"_links":{"self":[{"href":"https:\/\/evl.fi\/plus\/wp-json\/wp\/v2\/posts\/126404","targetHints":{"allow":["GET"]}}],"collection":[{"href":"https:\/\/evl.fi\/plus\/wp-json\/wp\/v2\/posts"}],"about":[{"href":"https:\/\/evl.fi\/plus\/wp-json\/wp\/v2\/types\/post"}],"author":[{"embeddable":true,"href":"https:\/\/evl.fi\/plus\/wp-json\/wp\/v2\/users\/101"}],"replies":[{"embeddable":true,"href":"https:\/\/evl.fi\/plus\/wp-json\/wp\/v2\/comments?post=126404"}],"version-history":[{"count":4,"href":"https:\/\/evl.fi\/plus\/wp-json\/wp\/v2\/posts\/126404\/revisions"}],"predecessor-version":[{"id":177276,"href":"https:\/\/evl.fi\/plus\/wp-json\/wp\/v2\/posts\/126404\/revisions\/177276"}],"wp:featuredmedia":[{"embeddable":true,"href":"https:\/\/evl.fi\/plus\/wp-json\/wp\/v2\/media\/130435"}],"wp:attachment":[{"href":"https:\/\/evl.fi\/plus\/wp-json\/wp\/v2\/media?parent=126404"}],"wp:term":[{"taxonomy":"category","embeddable":true,"href":"https:\/\/evl.fi\/plus\/wp-json\/wp\/v2\/categories?post=126404"},{"taxonomy":"post_tag","embeddable":true,"href":"https:\/\/evl.fi\/plus\/wp-json\/wp\/v2\/tags?post=126404"}],"curies":[{"name":"wp","href":"https:\/\/api.w.org\/{rel}","templated":true}]}}